{"id":2041,"date":"2022-07-27T19:10:17","date_gmt":"2022-07-27T17:10:17","guid":{"rendered":"https:\/\/www.ioi-training.de\/wp\/?p=2041"},"modified":"2022-07-28T09:21:39","modified_gmt":"2022-07-28T07:21:39","slug":"busausflug-mit-burg-und-bibern","status":"publish","type":"post","link":"https:\/\/www.ioi-training.de\/wp\/2022\/07\/27\/busausflug-mit-burg-und-bibern\/","title":{"rendered":"Busausflug mit Burg und Bibern"},"content":{"rendered":"<p>Nachdem unsere Teilnehmer anfangs noch wenige Punkte hatten, konnten Lucas, Johann und Jonathan die erw\u00e4hnte Aufgabe noch l\u00f6sen. Damit liegen die drei nun in einer gr\u00f6\u00dferen Gruppe an Teilnehmern mit \u00e4hnlicher Punktzahl, die sich vom Ende der Silberr\u00e4nge bis zum Ende der Medaillenr\u00e4nge erstreckt. Es wird am zweiten Wettbewerbstage also spannend, ob sie sich eine Medaille sichern k\u00f6nnen. Der Zwischenstand nach dem ersten Wettbewerbstag ist unten <a href=\"https:\/\/hsin.hr\/ceoi\/competition\/\">auf der Wettbewerbswebseite<\/a> zu finden.<\/p>\n<p>Der Nachmittag und Abend wurden frei gestaltet. Zuerst sind die Teilnehmer schwimmen gegangen und am Abend haben dann die Schweizer Pfannkuchen zubereitet, die sehr lecker waren. Beim anschlie\u00dfenden Kartenspiel wurden interessante Begriffsassoziationen in dem Spiel Codenames gebildet. <span title=\"Tipp: Auf Englisch ist es einfacher.\">R\u00e4tsel: Was ist der Zusammenhang zwischen einer IDE und einer Spinne?<\/span><\/p>\n<p>Am heutigen Tag stand ein Ausflug in die Umgebung von <span class=\"module__title__link\">Vara\u017edin<\/span> an. Zuerst haben wir ein Museum in Krapina besucht. Neben der Geschichte der Erde ging es dort vor allem um Neandertaler.\u00a0 In Krapina befindet sich n\u00e4mlich ein Ausgrabungsort, an dem Neandertalerknochen gefunden wurden.<\/p>\n<div id=\"attachment_2059\" style=\"width: 460px\" class=\"wp-caption aligncenter\"><a href=\"https:\/\/www.ioi-training.de\/wp\/wp-content\/ioi-training\/2022\/07\/neanderthaler.jpg\"><img loading=\"lazy\" decoding=\"async\" aria-describedby=\"caption-attachment-2059\" class=\"size-large wp-image-2059\" src=\"https:\/\/www.ioi-training.de\/wp\/wp-content\/ioi-training\/2022\/07\/neanderthaler-1024x768.jpg\" alt=\"\" width=\"450\" height=\"338\" srcset=\"https:\/\/www.ioi-training.de\/wp\/wp-content\/ioi-training\/2022\/07\/neanderthaler-1024x768.jpg 1024w, https:\/\/www.ioi-training.de\/wp\/wp-content\/ioi-training\/2022\/07\/neanderthaler-300x225.jpg 300w, https:\/\/www.ioi-training.de\/wp\/wp-content\/ioi-training\/2022\/07\/neanderthaler-768x576.jpg 768w, https:\/\/www.ioi-training.de\/wp\/wp-content\/ioi-training\/2022\/07\/neanderthaler.jpg 2016w\" sizes=\"auto, (max-width: 450px) 100vw, 450px\" \/><\/a><p id=\"caption-attachment-2059\" class=\"wp-caption-text\">Eine Rekonstruktion einer Neandertalerfamilie im Museum.<\/p><\/div>\n<div id=\"attachment_2050\" style=\"width: 460px\" class=\"wp-caption aligncenter\"><a href=\"https:\/\/www.ioi-training.de\/wp\/wp-content\/ioi-training\/2022\/07\/biber-1-e1658939940520.jpg\"><img loading=\"lazy\" decoding=\"async\" aria-describedby=\"caption-attachment-2050\" class=\"wp-image-2050 size-large\" src=\"https:\/\/www.ioi-training.de\/wp\/wp-content\/ioi-training\/2022\/07\/biber-1-e1658939940520-1024x539.jpg\" alt=\"\" width=\"450\" height=\"237\" srcset=\"https:\/\/www.ioi-training.de\/wp\/wp-content\/ioi-training\/2022\/07\/biber-1-e1658939940520-1024x539.jpg 1024w, https:\/\/www.ioi-training.de\/wp\/wp-content\/ioi-training\/2022\/07\/biber-1-e1658939940520-300x158.jpg 300w, https:\/\/www.ioi-training.de\/wp\/wp-content\/ioi-training\/2022\/07\/biber-1-e1658939940520-768x404.jpg 768w, https:\/\/www.ioi-training.de\/wp\/wp-content\/ioi-training\/2022\/07\/biber-1-e1658939940520.jpg 1915w\" sizes=\"auto, (max-width: 450px) 100vw, 450px\" \/><\/a><p id=\"caption-attachment-2050\" class=\"wp-caption-text\">Der Zusammenhang zwischen Bibern und Neandertalern ist uns zwar nicht klar geworden, aber solch <a href=\"https:\/\/de.wikipedia.org\/wiki\/Flei%C3%9Figer_Biber\">flei\u00dfige<\/a> <a href=\"https:\/\/bwinf.de\/biber\/\">Informatiktalente<\/a> k\u00f6nnen wir nat\u00fcrlich nicht unbeachtet lassen.<br \/> V.l.n.r.: Johann, Lucas, Jonathan und Niklas.<\/p><\/div>\n<p>Nach einem kroatischen Essen (das hier ist definitiv kein Food-Blog!) wurde dann am Nachmittag das Schloss Trako\u0161\u0107an besucht, Wie wir bei einer F\u00fchrung durch das Schloss aus dem 13. Jahrhundert erfuhren, konnten verschiedenen Teile ihrer Einrichtung originalgetreu aus den verschiedenen Epochen erhalten werden. Leider war keine Fotografie erlaubt, sodass sich unsere Leser mit einem Blick auf das Schloss von unten begn\u00fcgen m\u00fcssen.<\/p>\n<div id=\"attachment_2055\" style=\"width: 460px\" class=\"wp-caption aligncenter\"><a href=\"https:\/\/www.ioi-training.de\/wp\/wp-content\/ioi-training\/2022\/07\/burg-e1658940602835.jpg\"><img loading=\"lazy\" decoding=\"async\" aria-describedby=\"caption-attachment-2055\" class=\"wp-image-2055 size-large\" title=\"Der Titel dieses Beitrags suggeriert nur aus stilistischen Gr\u00fcnden, es handele sich um eine Burg. In Wirklichkeit ist es ein Schloss.\" src=\"https:\/\/www.ioi-training.de\/wp\/wp-content\/ioi-training\/2022\/07\/burg-e1658940602835-1024x626.jpg\" alt=\"\" width=\"450\" height=\"275\" srcset=\"https:\/\/www.ioi-training.de\/wp\/wp-content\/ioi-training\/2022\/07\/burg-e1658940602835-1024x626.jpg 1024w, https:\/\/www.ioi-training.de\/wp\/wp-content\/ioi-training\/2022\/07\/burg-e1658940602835-300x183.jpg 300w, https:\/\/www.ioi-training.de\/wp\/wp-content\/ioi-training\/2022\/07\/burg-e1658940602835-768x470.jpg 768w, https:\/\/www.ioi-training.de\/wp\/wp-content\/ioi-training\/2022\/07\/burg-e1658940602835.jpg 1040w\" sizes=\"auto, (max-width: 450px) 100vw, 450px\" \/><\/a><p id=\"caption-attachment-2055\" class=\"wp-caption-text\">Schloss Trako\u0161\u0107an<\/p><\/div>\n<p>Morgen geht es dann beim zweiten Wettbewerbstag darum, die bisherigen Leistungen in Medaillen umzuwandeln. Leider gibt es auch diesmal kein Live-Scoreboard, aber wir werden nat\u00fcrlich \u00fcber die Ergebnisse berichten.<\/p>\n","protected":false},"excerpt":{"rendered":"<p>Nachdem unsere Teilnehmer anfangs noch wenige Punkte hatten, konnten Lucas, Johann und Jonathan die erw\u00e4hnte Aufgabe noch l\u00f6sen. Damit liegen die drei nun in einer gr\u00f6\u00dferen Gruppe an Teilnehmern mit \u00e4hnlicher Punktzahl, die sich vom Ende der Silberr\u00e4nge bis zum Ende der Medaillenr\u00e4nge erstreckt. Es wird am zweiten Wettbewerbstage also spannend, ob sie sich eine [&hellip;]<\/p>\n","protected":false},"author":9,"featured_media":0,"comment_status":"open","ping_status":"open","sticky":false,"template":"","format":"standard","meta":{"footnotes":""},"categories":[3,1],"tags":[],"class_list":["post-2041","post","type-post","status-publish","format-standard","hentry","category-ceoi","category-olympiads"],"_links":{"self":[{"href":"https:\/\/www.ioi-training.de\/wp\/wp-json\/wp\/v2\/posts\/2041","targetHints":{"allow":["GET"]}}],"collection":[{"href":"https:\/\/www.ioi-training.de\/wp\/wp-json\/wp\/v2\/posts"}],"about":[{"href":"https:\/\/www.ioi-training.de\/wp\/wp-json\/wp\/v2\/types\/post"}],"author":[{"embeddable":true,"href":"https:\/\/www.ioi-training.de\/wp\/wp-json\/wp\/v2\/users\/9"}],"replies":[{"embeddable":true,"href":"https:\/\/www.ioi-training.de\/wp\/wp-json\/wp\/v2\/comments?post=2041"}],"version-history":[{"count":17,"href":"https:\/\/www.ioi-training.de\/wp\/wp-json\/wp\/v2\/posts\/2041\/revisions"}],"predecessor-version":[{"id":2063,"href":"https:\/\/www.ioi-training.de\/wp\/wp-json\/wp\/v2\/posts\/2041\/revisions\/2063"}],"wp:attachment":[{"href":"https:\/\/www.ioi-training.de\/wp\/wp-json\/wp\/v2\/media?parent=2041"}],"wp:term":[{"taxonomy":"category","embeddable":true,"href":"https:\/\/www.ioi-training.de\/wp\/wp-json\/wp\/v2\/categories?post=2041"},{"taxonomy":"post_tag","embeddable":true,"href":"https:\/\/www.ioi-training.de\/wp\/wp-json\/wp\/v2\/tags?post=2041"}],"curies":[{"name":"wp","href":"https:\/\/api.w.org\/{rel}","templated":true}]}}