{"id":96,"date":"2009-08-10T14:23:50","date_gmt":"2009-08-10T12:23:50","guid":{"rendered":"http:\/\/www.ioi-training.de\/wp\/2009\/08\/10\/ioi-2009-die-eroffnungszeremonie\/"},"modified":"2009-08-10T14:26:06","modified_gmt":"2009-08-10T12:26:06","slug":"ioi-2009-die-eroffnungszeremonie","status":"publish","type":"post","link":"https:\/\/www.ioi-training.de\/wp\/2009\/08\/10\/ioi-2009-die-eroffnungszeremonie\/","title":{"rendered":"IOI 2009 &ndash; Die Er\u00f6ffnungszeremonie"},"content":{"rendered":"<p>Das zweite gro\u00dfe Ereignis neben der Practice Session, das gestern stattfand, war die Er\u00f6ffnungszeremonie. Besonders spannend: Au\u00dfer der Bildungsministerin war sogar der Pr\u00e4sident des Landes anwesend. Und zwar nicht nur die komplette Zeremonie lang (die aufgrund der prominenten G\u00e4ste scheinbar noch deutlich mehr und ausf\u00fchrliche Reden als die &bdquo;Standard-Er\u00f6ffnungszeremonie&ldquo; erfordert) sondern auch noch f\u00fcr einen Sektempfang im Anschluss.<\/p>\n<p>Ich fand es sehr sch\u00f6n zu sehen, welchen hohen Stellenwert die IOI in Bulgarien einnimmt.<\/p>\n<p>Hier ein paar Eindr\u00fccke von der Er\u00f6ffnungszeremonie.<\/p>\n<p>Markus Kuhn, Eike, und die sch\u00f6nen Hinterk\u00f6pfe von Oleg und Fabian (v.r.n.l):<br \/>\n<a href=\"http:\/\/www.ioi-training.de\/wp\/wp-content\/ioi-training\/2009\/08\/openingcerteam.jpg\"><img decoding=\"async\" src=\"http:\/\/www.ioi-training.de\/wp\/wp-content\/ioi-training\/2009\/08\/openingcerteam.thumbnail.jpg\" alt=\"Markus Kuhn, Fabian, Oleg\" \/><\/a><\/p>\n<p>Markus Kuhn wird f\u00fcr seine Olympiadenteilnahme in Pionierjahren geehrt:<br \/>\n<a href=\"http:\/\/www.ioi-training.de\/wp\/wp-content\/ioi-training\/2009\/08\/openingcermedalkuhn.jpg\"><img decoding=\"async\" src=\"http:\/\/www.ioi-training.de\/wp\/wp-content\/ioi-training\/2009\/08\/openingcermedalkuhn.thumbnail.jpg\" alt=\"Markus Kuhn bekommt eine Medaille\" \/><\/a><\/p>\n<p>Der Pr\u00e4sident von Bulgarien h\u00e4lt eine (von vielen) Reden f\u00fcr uns:<br \/>\n<a href=\"http:\/\/www.ioi-training.de\/wp\/wp-content\/ioi-training\/2009\/08\/openingcerpresident.jpg\"><img decoding=\"async\" src=\"http:\/\/www.ioi-training.de\/wp\/wp-content\/ioi-training\/2009\/08\/openingcerpresident.thumbnail.jpg\" alt=\"Der Pr\u00e4sident von Bulgarien\" \/><\/a><\/p>\n<p>Auch musikalische Untermalung darf bei einer IOI-Er\u00f6ffnungszeremonie nicht fehlen. Hier die bulgarische Antwort auf N&#8217;Sync:<br \/>\n<a href=\"http:\/\/www.ioi-training.de\/wp\/wp-content\/ioi-training\/2009\/08\/openingcernsync.jpg\"><img decoding=\"async\" src=\"http:\/\/www.ioi-training.de\/wp\/wp-content\/ioi-training\/2009\/08\/openingcernsync.thumbnail.jpg\" alt=\"N'Sync auf Bulgarisch\" \/><\/a><\/p>\n<p>Eine Streicherinnen-Band imitiert eine Live-Performance (fehlende Tonabnehmer an den Instrumenten sind schon verr\u00e4terisch ;-)):<br \/>\n<a href=\"http:\/\/www.ioi-training.de\/wp\/wp-content\/ioi-training\/2009\/08\/openingcerviolin.jpg\"><img decoding=\"async\" src=\"http:\/\/www.ioi-training.de\/wp\/wp-content\/ioi-training\/2009\/08\/openingcerviolin.thumbnail.jpg\" alt=\"Streicherquartett\" \/><\/a><\/p>\n<p>Zum Abschluss bekamen wir noch ein bisschen Folklore, aufgepeppt mit Jazz-Elementen, zu sehen:<br \/>\n<a href=\"http:\/\/www.ioi-training.de\/wp\/wp-content\/ioi-training\/2009\/08\/openingcerfolk.jpg\"><img decoding=\"async\" src=\"http:\/\/www.ioi-training.de\/wp\/wp-content\/ioi-training\/2009\/08\/openingcerfolk.thumbnail.jpg\" alt=\"Die Trachtengruppe\" \/><\/a><\/p>\n<p>Und vor der Versammlungshalle durfte nat\u00fcrlich ein Teamfoto nicht fehlen. Ich selber bin leider nicht drauf (das Schicksal des Fotografen&#8230; ;-)):<br \/>\n<a href=\"http:\/\/www.ioi-training.de\/wp\/wp-content\/ioi-training\/2009\/08\/teampictureopening.jpg\"><img decoding=\"async\" src=\"http:\/\/www.ioi-training.de\/wp\/wp-content\/ioi-training\/2009\/08\/teampictureopening.thumbnail.jpg\" alt=\"Das Team - 1\"\/><\/a><\/p>\n","protected":false},"excerpt":{"rendered":"<p>Das zweite gro\u00dfe Ereignis neben der Practice Session, das gestern stattfand, war die Er\u00f6ffnungszeremonie. Besonders spannend: Au\u00dfer der Bildungsministerin war sogar der Pr\u00e4sident des Landes anwesend. Und zwar nicht nur die komplette Zeremonie lang (die aufgrund der prominenten G\u00e4ste scheinbar noch deutlich mehr und ausf\u00fchrliche Reden als die &bdquo;Standard-Er\u00f6ffnungszeremonie&ldquo; erfordert) sondern auch noch f\u00fcr einen [&hellip;]<\/p>\n","protected":false},"author":4,"featured_media":0,"comment_status":"open","ping_status":"open","sticky":false,"template":"","format":"standard","meta":{"footnotes":""},"categories":[4,1],"tags":[],"class_list":["post-96","post","type-post","status-publish","format-standard","hentry","category-ioi","category-olympiads"],"_links":{"self":[{"href":"https:\/\/www.ioi-training.de\/wp\/wp-json\/wp\/v2\/posts\/96","targetHints":{"allow":["GET"]}}],"collection":[{"href":"https:\/\/www.ioi-training.de\/wp\/wp-json\/wp\/v2\/posts"}],"about":[{"href":"https:\/\/www.ioi-training.de\/wp\/wp-json\/wp\/v2\/types\/post"}],"author":[{"embeddable":true,"href":"https:\/\/www.ioi-training.de\/wp\/wp-json\/wp\/v2\/users\/4"}],"replies":[{"embeddable":true,"href":"https:\/\/www.ioi-training.de\/wp\/wp-json\/wp\/v2\/comments?post=96"}],"version-history":[{"count":0,"href":"https:\/\/www.ioi-training.de\/wp\/wp-json\/wp\/v2\/posts\/96\/revisions"}],"wp:attachment":[{"href":"https:\/\/www.ioi-training.de\/wp\/wp-json\/wp\/v2\/media?parent=96"}],"wp:term":[{"taxonomy":"category","embeddable":true,"href":"https:\/\/www.ioi-training.de\/wp\/wp-json\/wp\/v2\/categories?post=96"},{"taxonomy":"post_tag","embeddable":true,"href":"https:\/\/www.ioi-training.de\/wp\/wp-json\/wp\/v2\/tags?post=96"}],"curies":[{"name":"wp","href":"https:\/\/api.w.org\/{rel}","templated":true}]}}